{"id":1706,"date":"2014-05-26T14:49:22","date_gmt":"2014-05-26T14:49:22","guid":{"rendered":"https:\/\/blog.hosting.com.ve\/noticias\/?p=1706"},"modified":"2023-12-08T14:35:59","modified_gmt":"2023-12-08T19:05:59","slug":"ceo-de-fiat-no-quiere-que-compren-su-fiat-500e","status":"publish","type":"post","link":"https:\/\/blog.hosting.com.ve\/noticias\/ceo-de-fiat-no-quiere-que-compren-su-fiat-500e\/","title":{"rendered":"CEO de Fiat no quiere que compren su Fiat 500e"},"content":{"rendered":"<p><a href=\"https:\/\/blog.hosting.com.ve\/noticias\/wp-content\/uploads\/2014\/05\/fiat-500e-trasera.jpg\"><img loading=\"lazy\" decoding=\"async\" src=\"https:\/\/blog.hosting.com.ve\/noticias\/wp-content\/uploads\/2014\/05\/fiat-500e-trasera-300x199.jpg\" alt=\"\" title=\"fiat-500e-trasera\" width=\"300\" height=\"199\" class=\"aligncenter size-medium wp-image-1707\" srcset=\"https:\/\/blog.hosting.com.ve\/noticias\/wp-content\/uploads\/2014\/05\/fiat-500e-trasera-300x199.jpg 300w, https:\/\/blog.hosting.com.ve\/noticias\/wp-content\/uploads\/2014\/05\/fiat-500e-trasera.jpg 600w\" sizes=\"(max-width: 300px) 100vw, 300px\" \/><\/a><br \/>\nNo es ning\u00fan secreto que el CEO de Fiat Chrysler, Sergio Marchionne, es bastante reacio a la producci\u00f3n de veh\u00edculos el\u00e9ctricos, sin embargo, no deja de sorprender c\u00f3mo de directo puede llegar a ser Marchionnne cuando se trata de hablar de este tema. De nuevo, el director ejecutivo del grupo ha salido a la palestra para echar sapos y culebras sobre la ley en California -que obliga a las firmas a la fabricaci\u00f3n de al menos un coche el\u00e9ctrico en su oferta- y ha pedido a sus potenciales usuarios que *no* compren su Fiat 500e. Como lees.<\/p>\n<p>Seg\u00fan Marchionne, la producci\u00f3n de cada unidad de este modelo le supone una p\u00e9rdida de 14.000 d\u00f3lares -ya en su d\u00eda se quej\u00f3 de que le acarreaba un negativo de 10.000 d\u00f3lares-, por lo que no dudar\u00e1 en retirar el veh\u00edculo tan pronto como venda la cantidad m\u00ednima exigida por la ley californiana. Apunta que la \u00fanica casa que hace dinero con este tipo de autom\u00f3vil es Tesla, y esto es debido al alto precio que tiene su famoso Model S.<\/p>\n<p>Puestas as\u00ed las cosas y lo cansado que se encuentra el CEO de perder dinero, se puede entender semejante petici\u00f3n, \u00bfno crees?<\/p>\n<p>Fuente es.engadget.com<\/p>\n","protected":false},"excerpt":{"rendered":"<p>No es ning\u00fan secreto que el CEO de Fiat Chrysler, Sergio Marchionne, es bastante reacio a la producci\u00f3n de veh\u00edculos el\u00e9ctricos, sin embargo, no deja de sorprender c\u00f3mo de directo puede llegar a ser Marchionnne cuando se trata de hablar de este tema. De nuevo, el director ejecutivo del grupo ha salido a la palestra [&hellip;]<\/p>\n","protected":false},"author":6,"featured_media":0,"comment_status":"open","ping_status":"closed","sticky":false,"template":"","format":"standard","meta":{"footnotes":""},"categories":[1],"tags":[],"class_list":["post-1706","post","type-post","status-publish","format-standard","hentry","category-uncategorized"],"_links":{"self":[{"href":"https:\/\/blog.hosting.com.ve\/noticias\/wp-json\/wp\/v2\/posts\/1706","targetHints":{"allow":["GET"]}}],"collection":[{"href":"https:\/\/blog.hosting.com.ve\/noticias\/wp-json\/wp\/v2\/posts"}],"about":[{"href":"https:\/\/blog.hosting.com.ve\/noticias\/wp-json\/wp\/v2\/types\/post"}],"author":[{"embeddable":true,"href":"https:\/\/blog.hosting.com.ve\/noticias\/wp-json\/wp\/v2\/users\/6"}],"replies":[{"embeddable":true,"href":"https:\/\/blog.hosting.com.ve\/noticias\/wp-json\/wp\/v2\/comments?post=1706"}],"version-history":[{"count":0,"href":"https:\/\/blog.hosting.com.ve\/noticias\/wp-json\/wp\/v2\/posts\/1706\/revisions"}],"wp:attachment":[{"href":"https:\/\/blog.hosting.com.ve\/noticias\/wp-json\/wp\/v2\/media?parent=1706"}],"wp:term":[{"taxonomy":"category","embeddable":true,"href":"https:\/\/blog.hosting.com.ve\/noticias\/wp-json\/wp\/v2\/categories?post=1706"},{"taxonomy":"post_tag","embeddable":true,"href":"https:\/\/blog.hosting.com.ve\/noticias\/wp-json\/wp\/v2\/tags?post=1706"}],"curies":[{"name":"wp","href":"https:\/\/api.w.org\/{rel}","templated":true}]}}