{"id":1689,"date":"2014-05-22T13:56:12","date_gmt":"2014-05-22T13:56:12","guid":{"rendered":"https:\/\/blog.hosting.com.ve\/noticias\/?p=1689"},"modified":"2023-12-08T14:35:59","modified_gmt":"2023-12-08T19:05:59","slug":"cantv-ahora-tendra-television-por-internet","status":"publish","type":"post","link":"https:\/\/blog.hosting.com.ve\/noticias\/cantv-ahora-tendra-television-por-internet\/","title":{"rendered":"Cantv ahora tendr\u00e1 televisi\u00f3n por internet"},"content":{"rendered":"<p><a href=\"https:\/\/blog.hosting.com.ve\/noticias\/wp-content\/uploads\/2014\/05\/compug.jpg\"><img loading=\"lazy\" decoding=\"async\" src=\"https:\/\/blog.hosting.com.ve\/noticias\/wp-content\/uploads\/2014\/05\/compug-300x168.jpg\" alt=\"\" title=\"compug\" width=\"300\" height=\"168\" class=\"aligncenter size-medium wp-image-1690\" srcset=\"https:\/\/blog.hosting.com.ve\/noticias\/wp-content\/uploads\/2014\/05\/compug-300x168.jpg 300w, https:\/\/blog.hosting.com.ve\/noticias\/wp-content\/uploads\/2014\/05\/compug.jpg 608w\" sizes=\"(max-width: 300px) 100vw, 300px\" \/><\/a><\/p>\n<p>En el marco de la celebraci\u00f3n de los siete a\u00f1os de la nacionalizaci\u00f3n de Cantv, Manuel Fern\u00e1ndez presidente de la estatal, anunci\u00f3 que a partir de hoy est\u00e1 disponible el servicio de Iptv, televisi\u00f3n por Internet, en la Gran Caracas.<\/p>\n<p>La oferta incluye un plan b\u00e1sico de canales de TV y 7 de radio y un plan superior de 87 canales en total (80 de TV y 7 de radio).<\/p>\n<p>El servicio brinda video bajo demada, televisi\u00f3n diferida, mosaico de hasta 16 canales en paralelo, control parental y videos interactivos.<\/p>\n<p>\u00abEst\u00e1bamos en deuda con la sociedad venezolana\u00bb, expres\u00f3 Fern\u00e1ndez, quien tambi\u00e9n es ministro de Ciencia y Tecnolog\u00eda, quien anunci\u00f3 -adem\u00e1s- la expansi\u00f3n del servicio de televisi\u00f3n satelital de 48 a 72 canales, cuatro de ellos HD, 13 de radio, 20 de m\u00fasica y 9 del Sistema Bolivariano de Medios P\u00fablicos (Sibci).<\/p>\n<p>Parte de los anuncios de la empresa estatal en su aniversario incluye planes de 8 y 10 megas de velocidad de bajada en el servicio de Internet.<\/p>\n<p>Fern\u00e1ndez, quien resalt\u00f3 inversones de Bs. 2.300 millones en el servicio de Internet, asegur\u00f3 que la velocidad promedio de navegaci\u00f3n es de 1,432 megas, tomando en cuenta que 43% est\u00e1 suscrito a planes de 1 MB e igual proporci\u00f3n a planes de 1,5 MB.<\/p>\n<p>Fuente elmundo.com<\/p>\n","protected":false},"excerpt":{"rendered":"<p>En el marco de la celebraci\u00f3n de los siete a\u00f1os de la nacionalizaci\u00f3n de Cantv, Manuel Fern\u00e1ndez presidente de la estatal, anunci\u00f3 que a partir de hoy est\u00e1 disponible el servicio de Iptv, televisi\u00f3n por Internet, en la Gran Caracas. La oferta incluye un plan b\u00e1sico de canales de TV y 7 de radio y [&hellip;]<\/p>\n","protected":false},"author":6,"featured_media":0,"comment_status":"open","ping_status":"closed","sticky":false,"template":"","format":"standard","meta":{"footnotes":""},"categories":[1],"tags":[],"class_list":["post-1689","post","type-post","status-publish","format-standard","hentry","category-uncategorized"],"_links":{"self":[{"href":"https:\/\/blog.hosting.com.ve\/noticias\/wp-json\/wp\/v2\/posts\/1689","targetHints":{"allow":["GET"]}}],"collection":[{"href":"https:\/\/blog.hosting.com.ve\/noticias\/wp-json\/wp\/v2\/posts"}],"about":[{"href":"https:\/\/blog.hosting.com.ve\/noticias\/wp-json\/wp\/v2\/types\/post"}],"author":[{"embeddable":true,"href":"https:\/\/blog.hosting.com.ve\/noticias\/wp-json\/wp\/v2\/users\/6"}],"replies":[{"embeddable":true,"href":"https:\/\/blog.hosting.com.ve\/noticias\/wp-json\/wp\/v2\/comments?post=1689"}],"version-history":[{"count":0,"href":"https:\/\/blog.hosting.com.ve\/noticias\/wp-json\/wp\/v2\/posts\/1689\/revisions"}],"wp:attachment":[{"href":"https:\/\/blog.hosting.com.ve\/noticias\/wp-json\/wp\/v2\/media?parent=1689"}],"wp:term":[{"taxonomy":"category","embeddable":true,"href":"https:\/\/blog.hosting.com.ve\/noticias\/wp-json\/wp\/v2\/categories?post=1689"},{"taxonomy":"post_tag","embeddable":true,"href":"https:\/\/blog.hosting.com.ve\/noticias\/wp-json\/wp\/v2\/tags?post=1689"}],"curies":[{"name":"wp","href":"https:\/\/api.w.org\/{rel}","templated":true}]}}