{"id":1089,"date":"2013-08-09T15:54:56","date_gmt":"2013-08-09T15:54:56","guid":{"rendered":"https:\/\/blog.hosting.com.ve\/noticias\/?p=1089"},"modified":"2023-12-08T14:39:02","modified_gmt":"2023-12-08T19:09:02","slug":"historias-fantasticas-sobre-steve-jobs","status":"publish","type":"post","link":"https:\/\/blog.hosting.com.ve\/noticias\/historias-fantasticas-sobre-steve-jobs\/","title":{"rendered":"Historias fant\u00e1sticas sobre Steve Jobs"},"content":{"rendered":"<p><a href=\"https:\/\/blog.hosting.com.ve\/noticias\/wp-content\/uploads\/2013\/08\/SteveJobsCloseUp.jpeg\"><img loading=\"lazy\" decoding=\"async\" class=\"aligncenter size-medium wp-image-1090\" title=\"SteveJobsCloseUp\" src=\"https:\/\/blog.hosting.com.ve\/noticias\/wp-content\/uploads\/2013\/08\/SteveJobsCloseUp-300x155.jpg\" alt=\"\" width=\"300\" height=\"155\" srcset=\"https:\/\/blog.hosting.com.ve\/noticias\/wp-content\/uploads\/2013\/08\/SteveJobsCloseUp-300x155.jpg 300w, https:\/\/blog.hosting.com.ve\/noticias\/wp-content\/uploads\/2013\/08\/SteveJobsCloseUp-1024x532.jpg 1024w, https:\/\/blog.hosting.com.ve\/noticias\/wp-content\/uploads\/2013\/08\/SteveJobsCloseUp.jpeg 1512w\" sizes=\"(max-width: 300px) 100vw, 300px\" \/><\/a><\/p>\n<p>Steve Jobs, el llamado genio de la tecnolog\u00eda y quien dirigi\u00f3 Apple, falleci\u00f3 a los 56 a\u00f1os el\u00a05 de octubre de 2011. Con su muerte muchas historias han surgido en torno a su persona y lo que supuestamente dijo, personas aseguran que hablaron con \u00e9l y les dio grandes lecciones, \u00bfpero c\u00f3mo confirmar esto ahora que \u00e9l ya no est\u00e1?<\/p>\n<p>El sitio Q&amp;AQuora, detalla algunas de estas historias, sobresale la de un ex empleado de NeXT que asegura que Jobs le revel\u00f3 que iba a ser el m\u00e1s grande contador de historias.<\/p>\n<p>Tomas Higbey, asegura que vivi\u00f3 una historia fant\u00e1stica con Steve Jobs cuando lleg\u00f3 a desayunar donde \u00e9l se encontraba con un par de colegas.<\/p>\n<p>Era el a\u00f1o de 1994, un a\u00f1o antes de que Pixar lanzara la pel\u00edcula Toy Story a trav\u00e9s de Disney.<\/p>\n<p>Tomas escribi\u00f3 que al parecer Jobs se dio cuenta de la magnitud y el impacto que iba a tener la empresa con Toy Story, sab\u00eda que har\u00eda pel\u00edculas para la siguiente generaci\u00f3n.<\/p>\n<p>El ex trabajador de NeXT detalla que estaban en el comedor cuando Jobs lleg\u00f3 y pidi\u00f3 un emparedado.<\/p>\n<p>Higbey contin\u00faa: \u00c9l se acerc\u00f3 a nosotros y nos pregunt\u00f3,\u00a0\u00bfQui\u00e9n es la persona m\u00e1s poderosa en el mundo?\u00a0Yo dije Mandela, dado que hab\u00eda estado como observador internacional en las elecciones de Sud\u00e1frica.<\/p>\n<p>El ex trabajador agreg\u00f3 \u201ccon su cl\u00e1sico estilo confiado, Jobs dijo no! Est\u00e1n mal,\u00a0la persona m\u00e1s poderosa del mundo es el contador de historias, en este punto yo pens\u00e9: Steve, te adoro pero hay una l\u00ednea muy fina entre un genio y un loco y creo que lo estoy testificando ahora mismo\u201d.<\/p>\n<p>El hombre asegura que Steve agreg\u00f3: \u201cEl contador de historias tiene la visi\u00f3n, el valor y la agenda para una generaci\u00f3n entera que est\u00e1 por venir y\u00a0Disney tiene el monopolio del negocio de contar historias, saben qu\u00e9 estoy cansado de esta porquer\u00eda, yo voy a ser el siguiente contador de historias y se fue caminando con su emparedado\u201d.<\/p>\n<p>Fuente: bitsenimagen.com<\/p>\n","protected":false},"excerpt":{"rendered":"<p>Steve Jobs, el llamado genio de la tecnolog\u00eda y quien dirigi\u00f3 Apple, falleci\u00f3 a los 56 a\u00f1os el\u00a05 de octubre de 2011. Con su muerte muchas historias han surgido en torno a su persona y lo que supuestamente dijo, personas aseguran que hablaron con \u00e9l y les dio grandes lecciones, \u00bfpero c\u00f3mo confirmar esto ahora [&hellip;]<\/p>\n","protected":false},"author":6,"featured_media":0,"comment_status":"open","ping_status":"closed","sticky":false,"template":"","format":"standard","meta":{"footnotes":""},"categories":[1],"tags":[29,33],"class_list":["post-1089","post","type-post","status-publish","format-standard","hentry","category-uncategorized","tag-apple","tag-steve-jobs"],"_links":{"self":[{"href":"https:\/\/blog.hosting.com.ve\/noticias\/wp-json\/wp\/v2\/posts\/1089","targetHints":{"allow":["GET"]}}],"collection":[{"href":"https:\/\/blog.hosting.com.ve\/noticias\/wp-json\/wp\/v2\/posts"}],"about":[{"href":"https:\/\/blog.hosting.com.ve\/noticias\/wp-json\/wp\/v2\/types\/post"}],"author":[{"embeddable":true,"href":"https:\/\/blog.hosting.com.ve\/noticias\/wp-json\/wp\/v2\/users\/6"}],"replies":[{"embeddable":true,"href":"https:\/\/blog.hosting.com.ve\/noticias\/wp-json\/wp\/v2\/comments?post=1089"}],"version-history":[{"count":0,"href":"https:\/\/blog.hosting.com.ve\/noticias\/wp-json\/wp\/v2\/posts\/1089\/revisions"}],"wp:attachment":[{"href":"https:\/\/blog.hosting.com.ve\/noticias\/wp-json\/wp\/v2\/media?parent=1089"}],"wp:term":[{"taxonomy":"category","embeddable":true,"href":"https:\/\/blog.hosting.com.ve\/noticias\/wp-json\/wp\/v2\/categories?post=1089"},{"taxonomy":"post_tag","embeddable":true,"href":"https:\/\/blog.hosting.com.ve\/noticias\/wp-json\/wp\/v2\/tags?post=1089"}],"curies":[{"name":"wp","href":"https:\/\/api.w.org\/{rel}","templated":true}]}}